{"id":2026,"__str__":"Of\u00edcio Recebido - OF\u00cdCIO FCS N\u00ba 055/2025 de 30/09/2025 por ","link_detail_backend":"/materia/documentoacessorio/2026","metadata":{},"nome":"OF\u00cdCIO FCS N\u00ba 055/2025","data":"2025-09-30","autor":"","ementa":"Minuta de dois Projetos de Lei Complementar. 0 primeiro disp\u00f5e sobre a reforma administrativa do quadro de cargos da Funda\u00e7\u00e3o Cultural de Serrana, sua estrutura organizacional, fixa a remunera\u00e7\u00e3o base dos cargos e regulamenta fun\u00e7\u00f5es do quadro de pessoal da Funda\u00e7\u00e3o Cultural de Serrana. O segundo projeto altera a Lei Complementar Municipal n\u00b0 754, de 13 de maio de 1998, para instituir o Conselho Fiscal como \u00f3rg\u00e3o interno de fiscaliza\u00e7\u00e3o financeira e cont\u00e1bil da Funda\u00e7\u00e3o, e d\u00e1 outras provid\u00eancias.","indexacao":"","arquivo":"http://sapl.serrana.sp.leg.br/media/sapl/public/documentoacessorio/2025/2026/oficio_fundacao_cultural_55_-_encaminhando_minuta_projeto_de_leis_1.pdf","data_ultima_atualizacao":"2025-09-30T10:06:07.250376-03:00","materia":4111,"tipo":6}