{"id":1451,"__str__":"Mo\u00e7\u00e3o n\u00ba 22 de 2021","link_detail_backend":"/materia/1451","metadata":{},"numero":22,"ano":2021,"numero_protocolo":648,"data_apresentacao":"2021-06-30","tipo_apresentacao":"E","data_publicacao":null,"numero_origem_externa":"","ano_origem_externa":null,"data_origem_externa":null,"apelido":"","dias_prazo":null,"data_fim_prazo":null,"em_tramitacao":true,"polemica":false,"objeto":"","complementar":false,"ementa":"Mo\u00e7\u00e3o de aplausos \u00e0 Banda Sinf\u00f4nica Marcial do munic\u00edpio de Serrana.","indexacao":"","observacao":"","resultado":"","texto_original":null,"data_ultima_atualizacao":"2021-08-04T11:13:51.006111-03:00","ip":"177.200.77.28","ultima_edicao":"2021-07-20T14:54:18.065009-03:00","tipo":4,"regime_tramitacao":1,"tipo_origem_externa":null,"local_origem_externa":null,"user":4,"anexadas":[],"autores":[8]}