{"id":1464,"__str__":"Requerimento n\u00ba 322 de 2021","link_detail_backend":"/materia/1464","metadata":{},"numero":322,"ano":2021,"numero_protocolo":652,"data_apresentacao":"2021-07-14","tipo_apresentacao":"E","data_publicacao":null,"numero_origem_externa":"","ano_origem_externa":null,"data_origem_externa":null,"apelido":"","dias_prazo":null,"data_fim_prazo":null,"em_tramitacao":false,"polemica":false,"objeto":"","complementar":false,"ementa":"Reitera o Requerimento n\u00ba 236/2020, para que solicitar informa\u00e7\u00f5es ao Exmo. Senhor Ministro da Sa\u00fade, Marcelo Ant\u00f4nio Cartaxo Queiroga Lopes, sobre a possibilidade de dar nova destina\u00e7\u00e3o aos Pr\u00e9dios das Unidades B\u00e1sicas de Sa\u00fade Jo\u00e3o Carlos Camargo de Moraes e Octavio Alvarenga Campos constru\u00eddas com recursos do Minist\u00e9rio da Sa\u00fade, mas que encontram-se desativadas h\u00e1 mais de 4 anos, tornando-se local de uso indevido por usu\u00e1rios de drogas e outros tipos de pessoas que vivem \u00e0 margem da Lei.","indexacao":"","observacao":"","resultado":"","texto_original":"http://sapl.serrana.sp.leg.br/media/sapl/public/materialegislativa/2021/1464/requerimento_no_322-2021.pdf","data_ultima_atualizacao":"2021-08-23T11:04:31.297018-03:00","ip":"177.200.77.74","ultima_edicao":"2021-08-10T15:26:48.964142-03:00","tipo":13,"regime_tramitacao":1,"tipo_origem_externa":null,"local_origem_externa":null,"user":4,"anexadas":[],"autores":[8]}