{"id":2331,"__str__":"Projeto de Lei Complementar (Executivo) n\u00ba 9 de 2022","link_detail_backend":"/materia/2331","metadata":{},"numero":9,"ano":2022,"numero_protocolo":555,"data_apresentacao":"2022-11-16","tipo_apresentacao":"E","data_publicacao":null,"numero_origem_externa":"","ano_origem_externa":null,"data_origem_externa":null,"apelido":"","dias_prazo":null,"data_fim_prazo":null,"em_tramitacao":false,"polemica":false,"objeto":"","complementar":false,"ementa":"DISP\u00d5E SOBRE A REVOGA\u00c7\u00c3O DOS ART. 325 e 326 DA LEI COMPLEMENTAR 300/2012, BEM COMO ALTERA PADR\u00c3O E VENCIMENTO SALARIAL DOS\r\nCARGOS DE MONITORES DE CRECHE QUE ESPECIFICAM E D\u00c1 OUTRAS PROVID\u00caNCIAS.","indexacao":"","observacao":"","resultado":"","texto_original":"http://sapl.serrana.sp.leg.br/media/sapl/public/materialegislativa/2022/2331/projeto_de_lei_complementar_09_monitor_de_creche_ass.pdf","data_ultima_atualizacao":"2023-02-16T16:21:25.653444-03:00","ip":"177.74.190.64","ultima_edicao":"2022-11-16T16:48:09.518206-03:00","tipo":9,"regime_tramitacao":1,"tipo_origem_externa":null,"local_origem_externa":null,"user":8,"anexadas":[],"autores":[68]}