{"id":4110,"__str__":"Projeto de Lei Complementar (Executivo) n\u00ba 13 de 2025","link_detail_backend":"/materia/4110","metadata":{},"numero":13,"ano":2025,"numero_protocolo":318,"data_apresentacao":"2025-09-30","tipo_apresentacao":"E","data_publicacao":null,"numero_origem_externa":"","ano_origem_externa":null,"data_origem_externa":null,"apelido":"","dias_prazo":null,"data_fim_prazo":null,"em_tramitacao":true,"polemica":false,"objeto":"","complementar":false,"ementa":"Disp\u00f5e sobre a estrutura organizacional da Funda\u00e7\u00e3o Cultural de Serrana, cria e regulamenta cargos em comiss\u00e3o, institui cargo de provimento efetivo, fixa sua remunera\u00e7\u00e3o base, revoga disposi\u00e7\u00f5es em contr\u00e1rio e d\u00e1 outras provid\u00eancias.","indexacao":"","observacao":"","resultado":"","texto_original":"http://sapl.serrana.sp.leg.br/media/sapl/public/materialegislativa/2025/4110/plc_13-2025_executivo.pdf","data_ultima_atualizacao":"2025-10-22T11:35:23.032082-03:00","ip":"177.74.190.64","ultima_edicao":"2025-10-21T17:22:36.767989-03:00","tipo":9,"regime_tramitacao":1,"tipo_origem_externa":null,"local_origem_externa":null,"user":8,"anexadas":[],"autores":[68]}