{"id":543,"__str__":"Requerimento n\u00ba 163 de 2020","link_detail_backend":"/materia/543","metadata":{},"numero":163,"ano":2020,"numero_protocolo":390,"data_apresentacao":"2020-07-24","tipo_apresentacao":"","data_publicacao":null,"numero_origem_externa":"","ano_origem_externa":null,"data_origem_externa":null,"apelido":"","dias_prazo":null,"data_fim_prazo":null,"em_tramitacao":false,"polemica":null,"objeto":"","complementar":null,"ementa":"Solicita a aquisi\u00e7\u00e3o e instala\u00e7\u00e3o de sistemas de gera\u00e7\u00e3o de energia el\u00e9trica solar fotovoltaica em pr\u00e9dios p\u00fablicos em que est\u00e3o instaladas as escolas e creches no Munic\u00edpio, considerando que a economia pode representar at\u00e9 95% dos gastos atuais.","indexacao":"","observacao":"","resultado":"","texto_original":"http://sapl.serrana.sp.leg.br/media/sapl/public/materialegislativa/2020/543/requerimento_163-2020.pdf","data_ultima_atualizacao":"2020-09-04T10:10:03.949867-03:00","ip":"177.200.77.244","ultima_edicao":"2020-08-19T12:14:44.400555-03:00","tipo":13,"regime_tramitacao":1,"tipo_origem_externa":null,"local_origem_externa":null,"user":8,"anexadas":[],"autores":[5]}