{"id":1499,"__str__":"Projeto de Lei Ordin\u00e1ria (Executivo) n\u00ba 3 de 2020 | Proposi\u00e7\u00e3o inclusa na Ordem do Dia | 26/06/2020","link_detail_backend":"/materia/tramitacao/1499","metadata":{},"timestamp":"2020-06-26T10:48:56.938155-03:00","data_tramitacao":"2020-06-26","data_encaminhamento":null,"urgente":false,"turno":"S","texto":"Proposi\u00e7\u00e3o inclusa da Ordem do Dia da 5\u00aa Sess\u00e3o Extraordin\u00e1ria para 2\u00aa discuss\u00e3o e vota\u00e7\u00e3o.","data_fim_prazo":null,"ip":"189.123.94.106","ultima_edicao":null,"status":18,"materia":428,"unidade_tramitacao_local":41,"unidade_tramitacao_destino":39,"user":8}