{"id":6099,"__str__":"Mo\u00e7\u00e3o n\u00ba 13 de 2022 | Proposi\u00e7\u00e3o Recebida | 03/08/2022","link_detail_backend":"/materia/tramitacao/6099","metadata":{},"timestamp":"2022-08-03T12:09:30.789367-03:00","data_tramitacao":"2022-08-03","data_encaminhamento":null,"urgente":false,"turno":"","texto":"O Vereador Waldenor compareceu \u00e0 secretaria e solicitou a desist\u00eancia da retirada da Mo\u00e7\u00e3o e sua inclus\u00e3o na pauta.","data_fim_prazo":null,"ip":"177.74.190.64","ultima_edicao":"2022-08-03T12:09:15.549848-03:00","status":49,"materia":2108,"unidade_tramitacao_local":44,"unidade_tramitacao_destino":44,"user":8}